{"id":235,"date":"2022-03-30T11:40:50","date_gmt":"2022-03-30T09:40:50","guid":{"rendered":"https:\/\/www.openphotopoint.sk\/klub\/?p=235"},"modified":"2022-03-30T11:40:51","modified_gmt":"2022-03-30T09:40:51","slug":"vystava-regionalnej-sutaze-amaterskej-fotografie-amfo-2022","status":"publish","type":"post","link":"https:\/\/www.openphotopoint.sk\/klub\/vystava-regionalnej-sutaze-amaterskej-fotografie-amfo-2022\/","title":{"rendered":"V\u00fdstava region\u00e1lnej s\u00fa\u0165a\u017ee amat\u00e9rskej fotografie AMFO 2022"},"content":{"rendered":"\n<p>Pozv\u00e1nka od  p. Kriszti\u00e1na Zemana &#8211; CKKK<\/p>\n\n\n\n<p>Mil\u00ed \u00fa\u010dastn\u00edci s\u00fa\u0165a\u017ee AMFO,<\/p>\n\n\n\n<p>srde\u010dne v\u00e1s poz\u00fdvame na vernis\u00e1\u017e v\u00fdstavy region\u00e1lnej s\u00fa\u0165a\u017ee amat\u00e9rskej fotografie AMFO 2022 d\u0148a 6.4. o 16.30 v \u00c1triu Teologickej fakulty na Hlavnej 89 v Ko\u0161iciach. Pre autorov sa uskuto\u010dn\u00ed pred vernis\u00e1\u017eou od 15.30 do 16.30 aj rozborov\u00fd semin\u00e1r va\u0161ich fotografi\u00ed s \u010dlenmi odbornej poroty. V\u00fdsledky s\u00fa\u0165a\u017ee bud\u00fa vyhl\u00e1sen\u00e9 na sl\u00e1vnostnom otvoren\u00ed. V pr\u00edlohe v\u00e1m posielame zoznam vystaven\u00fdch fotografi\u00ed. Tie, ktor\u00e9 neboli na v\u00fdstavu vybrat\u00e9, v\u00e1m vr\u00e1time na rozborovom semin\u00e1ri. Prineste si preto pros\u00edm obaly na fotky.<br>Te\u0161\u00edme sa na stretnutie s vami,<\/p>\n\n\n\n<p>zdroj: <a href=\"https:\/\/www.ckkk.sk\/tlacove-spravy\/regionalna-postupova-sutaz-amfo-2022\/\" target=\"_blank\" rel=\"noreferrer noopener\">https:\/\/www.ckkk.sk\/tlacove-spravy\/regionalna-postupova-sutaz-amfo-2022\/<\/a><\/p>\n\n\n\n<p>&#8212;<br>Ing. Kriszti\u00e1n Zeman<br>Referent kult\u00farno-osvetovej \u010dinnosti<\/p>\n\n\n\n<p>Centrum kult\u00fary Ko\u0161ick\u00e9ho kraja<br>Hrn\u010diarska 9, 040 01 Ko\u0161ice<br>Mobil: +421 951 821 516<br>www.ckkk.sk<\/p>\n\n\n\n<figure class=\"wp-block-image size-large\"><img loading=\"lazy\" decoding=\"async\" width=\"512\" height=\"1024\" src=\"https:\/\/www.openphotopoint.sk\/klub\/wp-content\/uploads\/2022\/03\/amfo_regio_2022-512x1024.jpg\" alt=\"\" class=\"wp-image-236\" srcset=\"https:\/\/www.openphotopoint.sk\/klub\/wp-content\/uploads\/2022\/03\/amfo_regio_2022-512x1024.jpg 512w, https:\/\/www.openphotopoint.sk\/klub\/wp-content\/uploads\/2022\/03\/amfo_regio_2022-150x300.jpg 150w, https:\/\/www.openphotopoint.sk\/klub\/wp-content\/uploads\/2022\/03\/amfo_regio_2022-768x1536.jpg 768w, https:\/\/www.openphotopoint.sk\/klub\/wp-content\/uploads\/2022\/03\/amfo_regio_2022-1024x2048.jpg 1024w, https:\/\/www.openphotopoint.sk\/klub\/wp-content\/uploads\/2022\/03\/amfo_regio_2022-973x1945.jpg 973w, https:\/\/www.openphotopoint.sk\/klub\/wp-content\/uploads\/2022\/03\/amfo_regio_2022-508x1016.jpg 508w, https:\/\/www.openphotopoint.sk\/klub\/wp-content\/uploads\/2022\/03\/amfo_regio_2022.jpg 1200w\" sizes=\"auto, (max-width: 512px) 100vw, 512px\" \/><\/figure>\n\n\n\n<p><\/p>\n","protected":false},"excerpt":{"rendered":"<p>Pozv\u00e1nka od p. Kriszti\u00e1na Zemana &#8211; CKKK Mil\u00ed \u00fa\u010dastn\u00edci s\u00fa\u0165a\u017ee AMFO, srde\u010dne v\u00e1s poz\u00fdvame na vernis\u00e1\u017e v\u00fdstavy region\u00e1lnej s\u00fa\u0165a\u017ee amat\u00e9rskej fotografie AMFO 2022 d\u0148a 6.4. o 16.30 v&#8230;<\/p>\n","protected":false},"author":1,"featured_media":236,"comment_status":"closed","ping_status":"closed","sticky":false,"template":"","format":"standard","meta":{"_monsterinsights_skip_tracking":false,"_monsterinsights_sitenote_active":false,"_monsterinsights_sitenote_note":"","_monsterinsights_sitenote_category":0,"footnotes":""},"categories":[1],"tags":[],"class_list":["post-235","post","type-post","status-publish","format-standard","has-post-thumbnail","hentry","category-nezaradene"],"yoast_head":"<!-- This site is optimized with the Yoast SEO plugin v27.4 - https:\/\/yoast.com\/product\/yoast-seo-wordpress\/ -->\n<title>V\u00fdstava region\u00e1lnej s\u00fa\u0165a\u017ee amat\u00e9rskej fotografie AMFO 2022 - openphotopoint<\/title>\n<meta name=\"robots\" content=\"index, follow, max-snippet:-1, max-image-preview:large, max-video-preview:-1\" \/>\n<link rel=\"canonical\" href=\"https:\/\/www.openphotopoint.sk\/klub\/vystava-regionalnej-sutaze-amaterskej-fotografie-amfo-2022\/\" \/>\n<meta property=\"og:locale\" content=\"sk_SK\" \/>\n<meta property=\"og:type\" content=\"article\" \/>\n<meta property=\"og:title\" content=\"V\u00fdstava region\u00e1lnej s\u00fa\u0165a\u017ee amat\u00e9rskej fotografie AMFO 2022 - openphotopoint\" \/>\n<meta property=\"og:description\" content=\"Pozv\u00e1nka od p. Kriszti\u00e1na Zemana &#8211; CKKK Mil\u00ed \u00fa\u010dastn\u00edci s\u00fa\u0165a\u017ee AMFO, srde\u010dne v\u00e1s poz\u00fdvame na vernis\u00e1\u017e v\u00fdstavy region\u00e1lnej s\u00fa\u0165a\u017ee amat\u00e9rskej fotografie AMFO 2022 d\u0148a 6.4. o 16.30 v...\" \/>\n<meta property=\"og:url\" content=\"https:\/\/www.openphotopoint.sk\/klub\/vystava-regionalnej-sutaze-amaterskej-fotografie-amfo-2022\/\" \/>\n<meta property=\"og:site_name\" content=\"openphotopoint\" \/>\n<meta property=\"article:published_time\" content=\"2022-03-30T09:40:50+00:00\" \/>\n<meta property=\"article:modified_time\" content=\"2022-03-30T09:40:51+00:00\" \/>\n<meta property=\"og:image\" content=\"https:\/\/www.openphotopoint.sk\/klub\/wp-content\/uploads\/2022\/03\/amfo_regio_2022.jpg\" \/>\n\t<meta property=\"og:image:width\" content=\"1200\" \/>\n\t<meta property=\"og:image:height\" content=\"2399\" \/>\n\t<meta property=\"og:image:type\" content=\"image\/jpeg\" \/>\n<meta name=\"author\" content=\"jsa\" \/>\n<meta name=\"twitter:card\" content=\"summary_large_image\" \/>\n<meta name=\"twitter:label1\" content=\"Autor\" \/>\n\t<meta name=\"twitter:data1\" content=\"jsa\" \/>\n\t<meta name=\"twitter:label2\" content=\"Predpokladan\u00fd \u010das \u010d\u00edtania\" \/>\n\t<meta name=\"twitter:data2\" content=\"1 min\u00fata\" \/>\n<script type=\"application\/ld+json\" class=\"yoast-schema-graph\">{\"@context\":\"https:\\\/\\\/schema.org\",\"@graph\":[{\"@type\":\"Article\",\"@id\":\"https:\\\/\\\/www.openphotopoint.sk\\\/klub\\\/vystava-regionalnej-sutaze-amaterskej-fotografie-amfo-2022\\\/#article\",\"isPartOf\":{\"@id\":\"https:\\\/\\\/www.openphotopoint.sk\\\/klub\\\/vystava-regionalnej-sutaze-amaterskej-fotografie-amfo-2022\\\/\"},\"author\":{\"name\":\"jsa\",\"@id\":\"https:\\\/\\\/www.openphotopoint.sk\\\/klub\\\/#\\\/schema\\\/person\\\/39c01d13e90181f26cff1ada01683a9f\"},\"headline\":\"V\u00fdstava region\u00e1lnej s\u00fa\u0165a\u017ee amat\u00e9rskej fotografie AMFO 2022\",\"datePublished\":\"2022-03-30T09:40:50+00:00\",\"dateModified\":\"2022-03-30T09:40:51+00:00\",\"mainEntityOfPage\":{\"@id\":\"https:\\\/\\\/www.openphotopoint.sk\\\/klub\\\/vystava-regionalnej-sutaze-amaterskej-fotografie-amfo-2022\\\/\"},\"wordCount\":158,\"publisher\":{\"@id\":\"https:\\\/\\\/www.openphotopoint.sk\\\/klub\\\/#organization\"},\"image\":{\"@id\":\"https:\\\/\\\/www.openphotopoint.sk\\\/klub\\\/vystava-regionalnej-sutaze-amaterskej-fotografie-amfo-2022\\\/#primaryimage\"},\"thumbnailUrl\":\"https:\\\/\\\/www.openphotopoint.sk\\\/klub\\\/wp-content\\\/uploads\\\/2022\\\/03\\\/amfo_regio_2022.jpg\",\"inLanguage\":\"sk-SK\"},{\"@type\":\"WebPage\",\"@id\":\"https:\\\/\\\/www.openphotopoint.sk\\\/klub\\\/vystava-regionalnej-sutaze-amaterskej-fotografie-amfo-2022\\\/\",\"url\":\"https:\\\/\\\/www.openphotopoint.sk\\\/klub\\\/vystava-regionalnej-sutaze-amaterskej-fotografie-amfo-2022\\\/\",\"name\":\"V\u00fdstava region\u00e1lnej s\u00fa\u0165a\u017ee amat\u00e9rskej fotografie AMFO 2022 - openphotopoint\",\"isPartOf\":{\"@id\":\"https:\\\/\\\/www.openphotopoint.sk\\\/klub\\\/#website\"},\"primaryImageOfPage\":{\"@id\":\"https:\\\/\\\/www.openphotopoint.sk\\\/klub\\\/vystava-regionalnej-sutaze-amaterskej-fotografie-amfo-2022\\\/#primaryimage\"},\"image\":{\"@id\":\"https:\\\/\\\/www.openphotopoint.sk\\\/klub\\\/vystava-regionalnej-sutaze-amaterskej-fotografie-amfo-2022\\\/#primaryimage\"},\"thumbnailUrl\":\"https:\\\/\\\/www.openphotopoint.sk\\\/klub\\\/wp-content\\\/uploads\\\/2022\\\/03\\\/amfo_regio_2022.jpg\",\"datePublished\":\"2022-03-30T09:40:50+00:00\",\"dateModified\":\"2022-03-30T09:40:51+00:00\",\"breadcrumb\":{\"@id\":\"https:\\\/\\\/www.openphotopoint.sk\\\/klub\\\/vystava-regionalnej-sutaze-amaterskej-fotografie-amfo-2022\\\/#breadcrumb\"},\"inLanguage\":\"sk-SK\",\"potentialAction\":[{\"@type\":\"ReadAction\",\"target\":[\"https:\\\/\\\/www.openphotopoint.sk\\\/klub\\\/vystava-regionalnej-sutaze-amaterskej-fotografie-amfo-2022\\\/\"]}]},{\"@type\":\"ImageObject\",\"inLanguage\":\"sk-SK\",\"@id\":\"https:\\\/\\\/www.openphotopoint.sk\\\/klub\\\/vystava-regionalnej-sutaze-amaterskej-fotografie-amfo-2022\\\/#primaryimage\",\"url\":\"https:\\\/\\\/www.openphotopoint.sk\\\/klub\\\/wp-content\\\/uploads\\\/2022\\\/03\\\/amfo_regio_2022.jpg\",\"contentUrl\":\"https:\\\/\\\/www.openphotopoint.sk\\\/klub\\\/wp-content\\\/uploads\\\/2022\\\/03\\\/amfo_regio_2022.jpg\",\"width\":1200,\"height\":2399},{\"@type\":\"BreadcrumbList\",\"@id\":\"https:\\\/\\\/www.openphotopoint.sk\\\/klub\\\/vystava-regionalnej-sutaze-amaterskej-fotografie-amfo-2022\\\/#breadcrumb\",\"itemListElement\":[{\"@type\":\"ListItem\",\"position\":1,\"name\":\"Home\",\"item\":\"https:\\\/\\\/www.openphotopoint.sk\\\/klub\\\/\"},{\"@type\":\"ListItem\",\"position\":2,\"name\":\"V\u00fdstava region\u00e1lnej s\u00fa\u0165a\u017ee amat\u00e9rskej fotografie AMFO 2022\"}]},{\"@type\":\"WebSite\",\"@id\":\"https:\\\/\\\/www.openphotopoint.sk\\\/klub\\\/#website\",\"url\":\"https:\\\/\\\/www.openphotopoint.sk\\\/klub\\\/\",\"name\":\"openphotopoint\",\"description\":\"\",\"publisher\":{\"@id\":\"https:\\\/\\\/www.openphotopoint.sk\\\/klub\\\/#organization\"},\"potentialAction\":[{\"@type\":\"SearchAction\",\"target\":{\"@type\":\"EntryPoint\",\"urlTemplate\":\"https:\\\/\\\/www.openphotopoint.sk\\\/klub\\\/?s={search_term_string}\"},\"query-input\":{\"@type\":\"PropertyValueSpecification\",\"valueRequired\":true,\"valueName\":\"search_term_string\"}}],\"inLanguage\":\"sk-SK\"},{\"@type\":\"Organization\",\"@id\":\"https:\\\/\\\/www.openphotopoint.sk\\\/klub\\\/#organization\",\"name\":\"openphotopoint\",\"url\":\"https:\\\/\\\/www.openphotopoint.sk\\\/klub\\\/\",\"logo\":{\"@type\":\"ImageObject\",\"inLanguage\":\"sk-SK\",\"@id\":\"https:\\\/\\\/www.openphotopoint.sk\\\/klub\\\/#\\\/schema\\\/logo\\\/image\\\/\",\"url\":\"https:\\\/\\\/www.openphotopoint.sk\\\/klub\\\/wp-content\\\/uploads\\\/2022\\\/03\\\/Open-Photo-Point_logo-central.png\",\"contentUrl\":\"https:\\\/\\\/www.openphotopoint.sk\\\/klub\\\/wp-content\\\/uploads\\\/2022\\\/03\\\/Open-Photo-Point_logo-central.png\",\"width\":945,\"height\":791,\"caption\":\"openphotopoint\"},\"image\":{\"@id\":\"https:\\\/\\\/www.openphotopoint.sk\\\/klub\\\/#\\\/schema\\\/logo\\\/image\\\/\"}},{\"@type\":\"Person\",\"@id\":\"https:\\\/\\\/www.openphotopoint.sk\\\/klub\\\/#\\\/schema\\\/person\\\/39c01d13e90181f26cff1ada01683a9f\",\"name\":\"jsa\",\"sameAs\":[\"https:\\\/\\\/www.openphotopoint.sk\\\/klub\"],\"url\":\"https:\\\/\\\/www.openphotopoint.sk\\\/klub\\\/author\\\/jsa\\\/\"}]}<\/script>\n<!-- \/ Yoast SEO plugin. -->","yoast_head_json":{"title":"V\u00fdstava region\u00e1lnej s\u00fa\u0165a\u017ee amat\u00e9rskej fotografie AMFO 2022 - openphotopoint","robots":{"index":"index","follow":"follow","max-snippet":"max-snippet:-1","max-image-preview":"max-image-preview:large","max-video-preview":"max-video-preview:-1"},"canonical":"https:\/\/www.openphotopoint.sk\/klub\/vystava-regionalnej-sutaze-amaterskej-fotografie-amfo-2022\/","og_locale":"sk_SK","og_type":"article","og_title":"V\u00fdstava region\u00e1lnej s\u00fa\u0165a\u017ee amat\u00e9rskej fotografie AMFO 2022 - openphotopoint","og_description":"Pozv\u00e1nka od p. Kriszti\u00e1na Zemana &#8211; CKKK Mil\u00ed \u00fa\u010dastn\u00edci s\u00fa\u0165a\u017ee AMFO, srde\u010dne v\u00e1s poz\u00fdvame na vernis\u00e1\u017e v\u00fdstavy region\u00e1lnej s\u00fa\u0165a\u017ee amat\u00e9rskej fotografie AMFO 2022 d\u0148a 6.4. o 16.30 v...","og_url":"https:\/\/www.openphotopoint.sk\/klub\/vystava-regionalnej-sutaze-amaterskej-fotografie-amfo-2022\/","og_site_name":"openphotopoint","article_published_time":"2022-03-30T09:40:50+00:00","article_modified_time":"2022-03-30T09:40:51+00:00","og_image":[{"width":1200,"height":2399,"url":"https:\/\/www.openphotopoint.sk\/klub\/wp-content\/uploads\/2022\/03\/amfo_regio_2022.jpg","type":"image\/jpeg"}],"author":"jsa","twitter_card":"summary_large_image","twitter_misc":{"Autor":"jsa","Predpokladan\u00fd \u010das \u010d\u00edtania":"1 min\u00fata"},"schema":{"@context":"https:\/\/schema.org","@graph":[{"@type":"Article","@id":"https:\/\/www.openphotopoint.sk\/klub\/vystava-regionalnej-sutaze-amaterskej-fotografie-amfo-2022\/#article","isPartOf":{"@id":"https:\/\/www.openphotopoint.sk\/klub\/vystava-regionalnej-sutaze-amaterskej-fotografie-amfo-2022\/"},"author":{"name":"jsa","@id":"https:\/\/www.openphotopoint.sk\/klub\/#\/schema\/person\/39c01d13e90181f26cff1ada01683a9f"},"headline":"V\u00fdstava region\u00e1lnej s\u00fa\u0165a\u017ee amat\u00e9rskej fotografie AMFO 2022","datePublished":"2022-03-30T09:40:50+00:00","dateModified":"2022-03-30T09:40:51+00:00","mainEntityOfPage":{"@id":"https:\/\/www.openphotopoint.sk\/klub\/vystava-regionalnej-sutaze-amaterskej-fotografie-amfo-2022\/"},"wordCount":158,"publisher":{"@id":"https:\/\/www.openphotopoint.sk\/klub\/#organization"},"image":{"@id":"https:\/\/www.openphotopoint.sk\/klub\/vystava-regionalnej-sutaze-amaterskej-fotografie-amfo-2022\/#primaryimage"},"thumbnailUrl":"https:\/\/www.openphotopoint.sk\/klub\/wp-content\/uploads\/2022\/03\/amfo_regio_2022.jpg","inLanguage":"sk-SK"},{"@type":"WebPage","@id":"https:\/\/www.openphotopoint.sk\/klub\/vystava-regionalnej-sutaze-amaterskej-fotografie-amfo-2022\/","url":"https:\/\/www.openphotopoint.sk\/klub\/vystava-regionalnej-sutaze-amaterskej-fotografie-amfo-2022\/","name":"V\u00fdstava region\u00e1lnej s\u00fa\u0165a\u017ee amat\u00e9rskej fotografie AMFO 2022 - openphotopoint","isPartOf":{"@id":"https:\/\/www.openphotopoint.sk\/klub\/#website"},"primaryImageOfPage":{"@id":"https:\/\/www.openphotopoint.sk\/klub\/vystava-regionalnej-sutaze-amaterskej-fotografie-amfo-2022\/#primaryimage"},"image":{"@id":"https:\/\/www.openphotopoint.sk\/klub\/vystava-regionalnej-sutaze-amaterskej-fotografie-amfo-2022\/#primaryimage"},"thumbnailUrl":"https:\/\/www.openphotopoint.sk\/klub\/wp-content\/uploads\/2022\/03\/amfo_regio_2022.jpg","datePublished":"2022-03-30T09:40:50+00:00","dateModified":"2022-03-30T09:40:51+00:00","breadcrumb":{"@id":"https:\/\/www.openphotopoint.sk\/klub\/vystava-regionalnej-sutaze-amaterskej-fotografie-amfo-2022\/#breadcrumb"},"inLanguage":"sk-SK","potentialAction":[{"@type":"ReadAction","target":["https:\/\/www.openphotopoint.sk\/klub\/vystava-regionalnej-sutaze-amaterskej-fotografie-amfo-2022\/"]}]},{"@type":"ImageObject","inLanguage":"sk-SK","@id":"https:\/\/www.openphotopoint.sk\/klub\/vystava-regionalnej-sutaze-amaterskej-fotografie-amfo-2022\/#primaryimage","url":"https:\/\/www.openphotopoint.sk\/klub\/wp-content\/uploads\/2022\/03\/amfo_regio_2022.jpg","contentUrl":"https:\/\/www.openphotopoint.sk\/klub\/wp-content\/uploads\/2022\/03\/amfo_regio_2022.jpg","width":1200,"height":2399},{"@type":"BreadcrumbList","@id":"https:\/\/www.openphotopoint.sk\/klub\/vystava-regionalnej-sutaze-amaterskej-fotografie-amfo-2022\/#breadcrumb","itemListElement":[{"@type":"ListItem","position":1,"name":"Home","item":"https:\/\/www.openphotopoint.sk\/klub\/"},{"@type":"ListItem","position":2,"name":"V\u00fdstava region\u00e1lnej s\u00fa\u0165a\u017ee amat\u00e9rskej fotografie AMFO 2022"}]},{"@type":"WebSite","@id":"https:\/\/www.openphotopoint.sk\/klub\/#website","url":"https:\/\/www.openphotopoint.sk\/klub\/","name":"openphotopoint","description":"","publisher":{"@id":"https:\/\/www.openphotopoint.sk\/klub\/#organization"},"potentialAction":[{"@type":"SearchAction","target":{"@type":"EntryPoint","urlTemplate":"https:\/\/www.openphotopoint.sk\/klub\/?s={search_term_string}"},"query-input":{"@type":"PropertyValueSpecification","valueRequired":true,"valueName":"search_term_string"}}],"inLanguage":"sk-SK"},{"@type":"Organization","@id":"https:\/\/www.openphotopoint.sk\/klub\/#organization","name":"openphotopoint","url":"https:\/\/www.openphotopoint.sk\/klub\/","logo":{"@type":"ImageObject","inLanguage":"sk-SK","@id":"https:\/\/www.openphotopoint.sk\/klub\/#\/schema\/logo\/image\/","url":"https:\/\/www.openphotopoint.sk\/klub\/wp-content\/uploads\/2022\/03\/Open-Photo-Point_logo-central.png","contentUrl":"https:\/\/www.openphotopoint.sk\/klub\/wp-content\/uploads\/2022\/03\/Open-Photo-Point_logo-central.png","width":945,"height":791,"caption":"openphotopoint"},"image":{"@id":"https:\/\/www.openphotopoint.sk\/klub\/#\/schema\/logo\/image\/"}},{"@type":"Person","@id":"https:\/\/www.openphotopoint.sk\/klub\/#\/schema\/person\/39c01d13e90181f26cff1ada01683a9f","name":"jsa","sameAs":["https:\/\/www.openphotopoint.sk\/klub"],"url":"https:\/\/www.openphotopoint.sk\/klub\/author\/jsa\/"}]}},"_links":{"self":[{"href":"https:\/\/www.openphotopoint.sk\/klub\/wp-json\/wp\/v2\/posts\/235","targetHints":{"allow":["GET"]}}],"collection":[{"href":"https:\/\/www.openphotopoint.sk\/klub\/wp-json\/wp\/v2\/posts"}],"about":[{"href":"https:\/\/www.openphotopoint.sk\/klub\/wp-json\/wp\/v2\/types\/post"}],"author":[{"embeddable":true,"href":"https:\/\/www.openphotopoint.sk\/klub\/wp-json\/wp\/v2\/users\/1"}],"replies":[{"embeddable":true,"href":"https:\/\/www.openphotopoint.sk\/klub\/wp-json\/wp\/v2\/comments?post=235"}],"version-history":[{"count":1,"href":"https:\/\/www.openphotopoint.sk\/klub\/wp-json\/wp\/v2\/posts\/235\/revisions"}],"predecessor-version":[{"id":237,"href":"https:\/\/www.openphotopoint.sk\/klub\/wp-json\/wp\/v2\/posts\/235\/revisions\/237"}],"wp:featuredmedia":[{"embeddable":true,"href":"https:\/\/www.openphotopoint.sk\/klub\/wp-json\/wp\/v2\/media\/236"}],"wp:attachment":[{"href":"https:\/\/www.openphotopoint.sk\/klub\/wp-json\/wp\/v2\/media?parent=235"}],"wp:term":[{"taxonomy":"category","embeddable":true,"href":"https:\/\/www.openphotopoint.sk\/klub\/wp-json\/wp\/v2\/categories?post=235"},{"taxonomy":"post_tag","embeddable":true,"href":"https:\/\/www.openphotopoint.sk\/klub\/wp-json\/wp\/v2\/tags?post=235"}],"curies":[{"name":"wp","href":"https:\/\/api.w.org\/{rel}","templated":true}]}}