{"id":238,"date":"2022-03-30T13:47:14","date_gmt":"2022-03-30T11:47:14","guid":{"rendered":"https:\/\/www.openphotopoint.sk\/klub\/?p=238"},"modified":"2022-03-30T13:47:15","modified_gmt":"2022-03-30T11:47:15","slug":"vystava-vlada-eliasa","status":"publish","type":"post","link":"https:\/\/www.openphotopoint.sk\/klub\/vystava-vlada-eliasa\/","title":{"rendered":"V\u00fdstava Vlada Eli\u00e1\u0161a"},"content":{"rendered":"\n<p>JE FOTOGRAFIA LEN DVOJROZMERN\u00ddM OBRAZOM SKUTO\u010cNOSTI?<\/p>\n\n\n\n<p>Mysl\u00edm, \u017ee sen, pocit, imagin\u00e1cia s\u00fa skuto\u010dnej\u0161ie ako fyzick\u00e1 realita. V\u00fdstava Vlada Eli\u00e1\u0161a n\u00e1m dokazuje, \u017ee realita nie je typickou \u010drtou fotografick\u00e9ho m\u00e9dia, ale naopak, \u017ee skuto\u010dnos\u0165 je len fotografick\u00fdm prostriedkom pre prenesenie nehmata\u0165e\u013en\u00e9ho sveta do reality. Teplo z vych\u00e1dzaj\u00faceho slnka, \u010di chlad zo zapadaj\u00faceho mesiaca, zl\u00fd poh\u013ead med\u00fazy alebo studen\u00fd dotyk hada. Nie, ja tam naozaj nevid\u00edm stat\u00edv, softbox, k\u00e1bel \u010di reflektor (fotografovan\u00e9 objekty). S\u00fa to iba veci ka\u017edodenn\u00e9ho sveta fotografa. T\u00e1 v\u00fdstava je intuit\u00edvnym filozofick\u00fdm sk\u00faman\u00edm fotografick\u00e9ho m\u00e9dia, kde il\u00fazia je pravdivej\u0161ia ako realita.<br>Sme zvyknut\u00ed, \u017ee fotografia trasformuje trojrozmern\u00fa skuto\u010dnos\u0165 do dvojdimenzion\u00e1lneho sveta. Znamen\u00e1 to, \u017ee fotografia je il\u00faziou? Na v\u00fdstave sa to deje ob\u010das naopak \u2013 dvojrozmern\u00fd svet prech\u00e1dza do trojrozmern\u00e9ho \u2013 a tak vznik\u00e1 neistota, \u010di je fotografia skuto\u010dnos\u0165ou alebo umel\u00fdm svetom \u2013 il\u00faziou. Je umel\u00fd svet umen\u00edm? Alebo je umenie umel\u00e9? Czy jest sztuka sztuczna? Is art artificial? Ist die Kunst K\u00fcnstlich?<br>N\u00e1zov v\u00fdstavy SILVER AND GOLD pripom\u00edna \u010dasto pou\u017e\u00edvan\u00e9 farby a materi\u00e1l vo fotografickom m\u00e9diu, ale ukr\u00fdva tie\u017e in\u00fd v\u00fdznam. Nen\u00e1padn\u00e1 intervencia do pam\u00e4tnej izby Vojtecha L\u00f6fflera n\u00e1s odkazuje k slovnej a grafickej hre v n\u00e1zve v\u00fdstavy Silver and Gold\/Old. Autor fotografi\u00ed pre\u017e\u00edva svoj zlat\u00fd vek a nen\u00e1padne obna\u017euje biografick\u00fa inform\u00e1ciu o svojom polstoro\u010dnom p\u00f4soben\u00ed v na\u0161om iluz\u00f3rnom svete.<\/p>\n\n\n\n<p>Tom\u00e1\u0161 Agat B\u0142o\u0144ski<br>Fotograf a pedag\u00f3g na Akad\u00e9mii umen\u00ed v Krakowe, kur\u00e1tor v\u00fdstavy<\/p>\n\n\n\n<p>O AUTOROVI<\/p>\n\n\n\n<p>Vlado Eli\u00e1\u0161 (*7.4.1972, Ko\u0161ice) sa samostatne prezentoval v M\u00fazeu Vojtecha L\u00f6fflera v roku 2003 v\u00fdstavou \u201cPodsvet\u201d (kur\u00e1tor Peter Tajkov), projektom \u201cTop Twenty\u201d v gal\u00e9rii Buryzone v Bratislave (2001, kur\u00e1torka Viera Levitt), v Make Up Gallery Ko\u0161ice a<br>Dome umenia v Bratislave v\u00fdstavou \u201cBlack &amp; Gray\u201d (2007, 2008) alebo v\u00fdstavou \u201cStars\u201d v Gal\u00e9rii P. M. Boh\u00fa\u0148a v Liptovskom Mikul\u00e1\u0161i (2011, kur\u00e1torka Lucia Benick\u00e1). Z\u00fa\u010dastnil sa na viacer\u00fdch skupinov\u00fdch v\u00fdstav\u00e1ch na Slovensku, v \u010cesku, Slovinsku, Rak\u00fasku, USA. Pracuje ako fotograf a grafick\u00fd dizajn\u00e9r v SNM \u2013 M\u00fazeu Betliar, spolupracuje s gal\u00e9riami a umelcami, ktor\u00fdm dokumentuje v\u00fdstavy a lektoruje fotografick\u00e9 kurzy. \u017dije v Ko\u0161iciach.<br>www.vladoelias.sk, mail@vladoelias.sk, 0903 638 071<\/p>\n\n\n\n<p>zdroj: <a href=\"https:\/\/www.lofflermuzeum.sk\/sk\/aktuality\/detail\/vlado-elias-silver-and-gold\/390\" target=\"_blank\" rel=\"noreferrer noopener\">https:\/\/www.lofflermuzeum.sk\/sk\/aktuality\/detail\/vlado-elias-silver-and-gold\/390<\/a><\/p>\n","protected":false},"excerpt":{"rendered":"<p>JE FOTOGRAFIA LEN DVOJROZMERN\u00ddM OBRAZOM SKUTO\u010cNOSTI? Mysl\u00edm, \u017ee sen, pocit, imagin\u00e1cia s\u00fa skuto\u010dnej\u0161ie ako fyzick\u00e1 realita. V\u00fdstava Vlada Eli\u00e1\u0161a n\u00e1m dokazuje, \u017ee realita nie je typickou \u010drtou fotografick\u00e9ho&#8230;<\/p>\n","protected":false},"author":1,"featured_media":239,"comment_status":"closed","ping_status":"closed","sticky":false,"template":"","format":"standard","meta":{"_monsterinsights_skip_tracking":false,"_monsterinsights_sitenote_active":false,"_monsterinsights_sitenote_note":"","_monsterinsights_sitenote_category":0,"footnotes":""},"categories":[1],"tags":[],"class_list":["post-238","post","type-post","status-publish","format-standard","has-post-thumbnail","hentry","category-nezaradene"],"yoast_head":"<!-- This site is optimized with the Yoast SEO plugin v27.4 - https:\/\/yoast.com\/product\/yoast-seo-wordpress\/ -->\n<title>V\u00fdstava Vlada Eli\u00e1\u0161a - openphotopoint<\/title>\n<meta name=\"robots\" content=\"index, follow, max-snippet:-1, max-image-preview:large, max-video-preview:-1\" \/>\n<link rel=\"canonical\" href=\"https:\/\/www.openphotopoint.sk\/klub\/vystava-vlada-eliasa\/\" \/>\n<meta property=\"og:locale\" content=\"sk_SK\" \/>\n<meta property=\"og:type\" content=\"article\" \/>\n<meta property=\"og:title\" content=\"V\u00fdstava Vlada Eli\u00e1\u0161a - openphotopoint\" \/>\n<meta property=\"og:description\" content=\"JE FOTOGRAFIA LEN DVOJROZMERN\u00ddM OBRAZOM SKUTO\u010cNOSTI? Mysl\u00edm, \u017ee sen, pocit, imagin\u00e1cia s\u00fa skuto\u010dnej\u0161ie ako fyzick\u00e1 realita. V\u00fdstava Vlada Eli\u00e1\u0161a n\u00e1m dokazuje, \u017ee realita nie je typickou \u010drtou fotografick\u00e9ho...\" \/>\n<meta property=\"og:url\" content=\"https:\/\/www.openphotopoint.sk\/klub\/vystava-vlada-eliasa\/\" \/>\n<meta property=\"og:site_name\" content=\"openphotopoint\" \/>\n<meta property=\"article:published_time\" content=\"2022-03-30T11:47:14+00:00\" \/>\n<meta property=\"article:modified_time\" content=\"2022-03-30T11:47:15+00:00\" \/>\n<meta property=\"og:image\" content=\"https:\/\/www.openphotopoint.sk\/klub\/wp-content\/uploads\/2022\/03\/vlado_e.jpg\" \/>\n\t<meta property=\"og:image:width\" content=\"874\" \/>\n\t<meta property=\"og:image:height\" content=\"1240\" \/>\n\t<meta property=\"og:image:type\" content=\"image\/jpeg\" \/>\n<meta name=\"author\" content=\"jsa\" \/>\n<meta name=\"twitter:card\" content=\"summary_large_image\" \/>\n<meta name=\"twitter:label1\" content=\"Autor\" \/>\n\t<meta name=\"twitter:data1\" content=\"jsa\" \/>\n\t<meta name=\"twitter:label2\" content=\"Predpokladan\u00fd \u010das \u010d\u00edtania\" \/>\n\t<meta name=\"twitter:data2\" content=\"2 min\u00faty\" \/>\n<script type=\"application\/ld+json\" class=\"yoast-schema-graph\">{\"@context\":\"https:\\\/\\\/schema.org\",\"@graph\":[{\"@type\":\"Article\",\"@id\":\"https:\\\/\\\/www.openphotopoint.sk\\\/klub\\\/vystava-vlada-eliasa\\\/#article\",\"isPartOf\":{\"@id\":\"https:\\\/\\\/www.openphotopoint.sk\\\/klub\\\/vystava-vlada-eliasa\\\/\"},\"author\":{\"name\":\"jsa\",\"@id\":\"https:\\\/\\\/www.openphotopoint.sk\\\/klub\\\/#\\\/schema\\\/person\\\/39c01d13e90181f26cff1ada01683a9f\"},\"headline\":\"V\u00fdstava Vlada Eli\u00e1\u0161a\",\"datePublished\":\"2022-03-30T11:47:14+00:00\",\"dateModified\":\"2022-03-30T11:47:15+00:00\",\"mainEntityOfPage\":{\"@id\":\"https:\\\/\\\/www.openphotopoint.sk\\\/klub\\\/vystava-vlada-eliasa\\\/\"},\"wordCount\":439,\"publisher\":{\"@id\":\"https:\\\/\\\/www.openphotopoint.sk\\\/klub\\\/#organization\"},\"image\":{\"@id\":\"https:\\\/\\\/www.openphotopoint.sk\\\/klub\\\/vystava-vlada-eliasa\\\/#primaryimage\"},\"thumbnailUrl\":\"https:\\\/\\\/www.openphotopoint.sk\\\/klub\\\/wp-content\\\/uploads\\\/2022\\\/03\\\/vlado_e.jpg\",\"inLanguage\":\"sk-SK\"},{\"@type\":\"WebPage\",\"@id\":\"https:\\\/\\\/www.openphotopoint.sk\\\/klub\\\/vystava-vlada-eliasa\\\/\",\"url\":\"https:\\\/\\\/www.openphotopoint.sk\\\/klub\\\/vystava-vlada-eliasa\\\/\",\"name\":\"V\u00fdstava Vlada Eli\u00e1\u0161a - openphotopoint\",\"isPartOf\":{\"@id\":\"https:\\\/\\\/www.openphotopoint.sk\\\/klub\\\/#website\"},\"primaryImageOfPage\":{\"@id\":\"https:\\\/\\\/www.openphotopoint.sk\\\/klub\\\/vystava-vlada-eliasa\\\/#primaryimage\"},\"image\":{\"@id\":\"https:\\\/\\\/www.openphotopoint.sk\\\/klub\\\/vystava-vlada-eliasa\\\/#primaryimage\"},\"thumbnailUrl\":\"https:\\\/\\\/www.openphotopoint.sk\\\/klub\\\/wp-content\\\/uploads\\\/2022\\\/03\\\/vlado_e.jpg\",\"datePublished\":\"2022-03-30T11:47:14+00:00\",\"dateModified\":\"2022-03-30T11:47:15+00:00\",\"breadcrumb\":{\"@id\":\"https:\\\/\\\/www.openphotopoint.sk\\\/klub\\\/vystava-vlada-eliasa\\\/#breadcrumb\"},\"inLanguage\":\"sk-SK\",\"potentialAction\":[{\"@type\":\"ReadAction\",\"target\":[\"https:\\\/\\\/www.openphotopoint.sk\\\/klub\\\/vystava-vlada-eliasa\\\/\"]}]},{\"@type\":\"ImageObject\",\"inLanguage\":\"sk-SK\",\"@id\":\"https:\\\/\\\/www.openphotopoint.sk\\\/klub\\\/vystava-vlada-eliasa\\\/#primaryimage\",\"url\":\"https:\\\/\\\/www.openphotopoint.sk\\\/klub\\\/wp-content\\\/uploads\\\/2022\\\/03\\\/vlado_e.jpg\",\"contentUrl\":\"https:\\\/\\\/www.openphotopoint.sk\\\/klub\\\/wp-content\\\/uploads\\\/2022\\\/03\\\/vlado_e.jpg\",\"width\":874,\"height\":1240},{\"@type\":\"BreadcrumbList\",\"@id\":\"https:\\\/\\\/www.openphotopoint.sk\\\/klub\\\/vystava-vlada-eliasa\\\/#breadcrumb\",\"itemListElement\":[{\"@type\":\"ListItem\",\"position\":1,\"name\":\"Home\",\"item\":\"https:\\\/\\\/www.openphotopoint.sk\\\/klub\\\/\"},{\"@type\":\"ListItem\",\"position\":2,\"name\":\"V\u00fdstava Vlada Eli\u00e1\u0161a\"}]},{\"@type\":\"WebSite\",\"@id\":\"https:\\\/\\\/www.openphotopoint.sk\\\/klub\\\/#website\",\"url\":\"https:\\\/\\\/www.openphotopoint.sk\\\/klub\\\/\",\"name\":\"openphotopoint\",\"description\":\"\",\"publisher\":{\"@id\":\"https:\\\/\\\/www.openphotopoint.sk\\\/klub\\\/#organization\"},\"potentialAction\":[{\"@type\":\"SearchAction\",\"target\":{\"@type\":\"EntryPoint\",\"urlTemplate\":\"https:\\\/\\\/www.openphotopoint.sk\\\/klub\\\/?s={search_term_string}\"},\"query-input\":{\"@type\":\"PropertyValueSpecification\",\"valueRequired\":true,\"valueName\":\"search_term_string\"}}],\"inLanguage\":\"sk-SK\"},{\"@type\":\"Organization\",\"@id\":\"https:\\\/\\\/www.openphotopoint.sk\\\/klub\\\/#organization\",\"name\":\"openphotopoint\",\"url\":\"https:\\\/\\\/www.openphotopoint.sk\\\/klub\\\/\",\"logo\":{\"@type\":\"ImageObject\",\"inLanguage\":\"sk-SK\",\"@id\":\"https:\\\/\\\/www.openphotopoint.sk\\\/klub\\\/#\\\/schema\\\/logo\\\/image\\\/\",\"url\":\"https:\\\/\\\/www.openphotopoint.sk\\\/klub\\\/wp-content\\\/uploads\\\/2022\\\/03\\\/Open-Photo-Point_logo-central.png\",\"contentUrl\":\"https:\\\/\\\/www.openphotopoint.sk\\\/klub\\\/wp-content\\\/uploads\\\/2022\\\/03\\\/Open-Photo-Point_logo-central.png\",\"width\":945,\"height\":791,\"caption\":\"openphotopoint\"},\"image\":{\"@id\":\"https:\\\/\\\/www.openphotopoint.sk\\\/klub\\\/#\\\/schema\\\/logo\\\/image\\\/\"}},{\"@type\":\"Person\",\"@id\":\"https:\\\/\\\/www.openphotopoint.sk\\\/klub\\\/#\\\/schema\\\/person\\\/39c01d13e90181f26cff1ada01683a9f\",\"name\":\"jsa\",\"sameAs\":[\"https:\\\/\\\/www.openphotopoint.sk\\\/klub\"],\"url\":\"https:\\\/\\\/www.openphotopoint.sk\\\/klub\\\/author\\\/jsa\\\/\"}]}<\/script>\n<!-- \/ Yoast SEO plugin. -->","yoast_head_json":{"title":"V\u00fdstava Vlada Eli\u00e1\u0161a - openphotopoint","robots":{"index":"index","follow":"follow","max-snippet":"max-snippet:-1","max-image-preview":"max-image-preview:large","max-video-preview":"max-video-preview:-1"},"canonical":"https:\/\/www.openphotopoint.sk\/klub\/vystava-vlada-eliasa\/","og_locale":"sk_SK","og_type":"article","og_title":"V\u00fdstava Vlada Eli\u00e1\u0161a - openphotopoint","og_description":"JE FOTOGRAFIA LEN DVOJROZMERN\u00ddM OBRAZOM SKUTO\u010cNOSTI? Mysl\u00edm, \u017ee sen, pocit, imagin\u00e1cia s\u00fa skuto\u010dnej\u0161ie ako fyzick\u00e1 realita. V\u00fdstava Vlada Eli\u00e1\u0161a n\u00e1m dokazuje, \u017ee realita nie je typickou \u010drtou fotografick\u00e9ho...","og_url":"https:\/\/www.openphotopoint.sk\/klub\/vystava-vlada-eliasa\/","og_site_name":"openphotopoint","article_published_time":"2022-03-30T11:47:14+00:00","article_modified_time":"2022-03-30T11:47:15+00:00","og_image":[{"width":874,"height":1240,"url":"https:\/\/www.openphotopoint.sk\/klub\/wp-content\/uploads\/2022\/03\/vlado_e.jpg","type":"image\/jpeg"}],"author":"jsa","twitter_card":"summary_large_image","twitter_misc":{"Autor":"jsa","Predpokladan\u00fd \u010das \u010d\u00edtania":"2 min\u00faty"},"schema":{"@context":"https:\/\/schema.org","@graph":[{"@type":"Article","@id":"https:\/\/www.openphotopoint.sk\/klub\/vystava-vlada-eliasa\/#article","isPartOf":{"@id":"https:\/\/www.openphotopoint.sk\/klub\/vystava-vlada-eliasa\/"},"author":{"name":"jsa","@id":"https:\/\/www.openphotopoint.sk\/klub\/#\/schema\/person\/39c01d13e90181f26cff1ada01683a9f"},"headline":"V\u00fdstava Vlada Eli\u00e1\u0161a","datePublished":"2022-03-30T11:47:14+00:00","dateModified":"2022-03-30T11:47:15+00:00","mainEntityOfPage":{"@id":"https:\/\/www.openphotopoint.sk\/klub\/vystava-vlada-eliasa\/"},"wordCount":439,"publisher":{"@id":"https:\/\/www.openphotopoint.sk\/klub\/#organization"},"image":{"@id":"https:\/\/www.openphotopoint.sk\/klub\/vystava-vlada-eliasa\/#primaryimage"},"thumbnailUrl":"https:\/\/www.openphotopoint.sk\/klub\/wp-content\/uploads\/2022\/03\/vlado_e.jpg","inLanguage":"sk-SK"},{"@type":"WebPage","@id":"https:\/\/www.openphotopoint.sk\/klub\/vystava-vlada-eliasa\/","url":"https:\/\/www.openphotopoint.sk\/klub\/vystava-vlada-eliasa\/","name":"V\u00fdstava Vlada Eli\u00e1\u0161a - openphotopoint","isPartOf":{"@id":"https:\/\/www.openphotopoint.sk\/klub\/#website"},"primaryImageOfPage":{"@id":"https:\/\/www.openphotopoint.sk\/klub\/vystava-vlada-eliasa\/#primaryimage"},"image":{"@id":"https:\/\/www.openphotopoint.sk\/klub\/vystava-vlada-eliasa\/#primaryimage"},"thumbnailUrl":"https:\/\/www.openphotopoint.sk\/klub\/wp-content\/uploads\/2022\/03\/vlado_e.jpg","datePublished":"2022-03-30T11:47:14+00:00","dateModified":"2022-03-30T11:47:15+00:00","breadcrumb":{"@id":"https:\/\/www.openphotopoint.sk\/klub\/vystava-vlada-eliasa\/#breadcrumb"},"inLanguage":"sk-SK","potentialAction":[{"@type":"ReadAction","target":["https:\/\/www.openphotopoint.sk\/klub\/vystava-vlada-eliasa\/"]}]},{"@type":"ImageObject","inLanguage":"sk-SK","@id":"https:\/\/www.openphotopoint.sk\/klub\/vystava-vlada-eliasa\/#primaryimage","url":"https:\/\/www.openphotopoint.sk\/klub\/wp-content\/uploads\/2022\/03\/vlado_e.jpg","contentUrl":"https:\/\/www.openphotopoint.sk\/klub\/wp-content\/uploads\/2022\/03\/vlado_e.jpg","width":874,"height":1240},{"@type":"BreadcrumbList","@id":"https:\/\/www.openphotopoint.sk\/klub\/vystava-vlada-eliasa\/#breadcrumb","itemListElement":[{"@type":"ListItem","position":1,"name":"Home","item":"https:\/\/www.openphotopoint.sk\/klub\/"},{"@type":"ListItem","position":2,"name":"V\u00fdstava Vlada Eli\u00e1\u0161a"}]},{"@type":"WebSite","@id":"https:\/\/www.openphotopoint.sk\/klub\/#website","url":"https:\/\/www.openphotopoint.sk\/klub\/","name":"openphotopoint","description":"","publisher":{"@id":"https:\/\/www.openphotopoint.sk\/klub\/#organization"},"potentialAction":[{"@type":"SearchAction","target":{"@type":"EntryPoint","urlTemplate":"https:\/\/www.openphotopoint.sk\/klub\/?s={search_term_string}"},"query-input":{"@type":"PropertyValueSpecification","valueRequired":true,"valueName":"search_term_string"}}],"inLanguage":"sk-SK"},{"@type":"Organization","@id":"https:\/\/www.openphotopoint.sk\/klub\/#organization","name":"openphotopoint","url":"https:\/\/www.openphotopoint.sk\/klub\/","logo":{"@type":"ImageObject","inLanguage":"sk-SK","@id":"https:\/\/www.openphotopoint.sk\/klub\/#\/schema\/logo\/image\/","url":"https:\/\/www.openphotopoint.sk\/klub\/wp-content\/uploads\/2022\/03\/Open-Photo-Point_logo-central.png","contentUrl":"https:\/\/www.openphotopoint.sk\/klub\/wp-content\/uploads\/2022\/03\/Open-Photo-Point_logo-central.png","width":945,"height":791,"caption":"openphotopoint"},"image":{"@id":"https:\/\/www.openphotopoint.sk\/klub\/#\/schema\/logo\/image\/"}},{"@type":"Person","@id":"https:\/\/www.openphotopoint.sk\/klub\/#\/schema\/person\/39c01d13e90181f26cff1ada01683a9f","name":"jsa","sameAs":["https:\/\/www.openphotopoint.sk\/klub"],"url":"https:\/\/www.openphotopoint.sk\/klub\/author\/jsa\/"}]}},"_links":{"self":[{"href":"https:\/\/www.openphotopoint.sk\/klub\/wp-json\/wp\/v2\/posts\/238","targetHints":{"allow":["GET"]}}],"collection":[{"href":"https:\/\/www.openphotopoint.sk\/klub\/wp-json\/wp\/v2\/posts"}],"about":[{"href":"https:\/\/www.openphotopoint.sk\/klub\/wp-json\/wp\/v2\/types\/post"}],"author":[{"embeddable":true,"href":"https:\/\/www.openphotopoint.sk\/klub\/wp-json\/wp\/v2\/users\/1"}],"replies":[{"embeddable":true,"href":"https:\/\/www.openphotopoint.sk\/klub\/wp-json\/wp\/v2\/comments?post=238"}],"version-history":[{"count":3,"href":"https:\/\/www.openphotopoint.sk\/klub\/wp-json\/wp\/v2\/posts\/238\/revisions"}],"predecessor-version":[{"id":242,"href":"https:\/\/www.openphotopoint.sk\/klub\/wp-json\/wp\/v2\/posts\/238\/revisions\/242"}],"wp:featuredmedia":[{"embeddable":true,"href":"https:\/\/www.openphotopoint.sk\/klub\/wp-json\/wp\/v2\/media\/239"}],"wp:attachment":[{"href":"https:\/\/www.openphotopoint.sk\/klub\/wp-json\/wp\/v2\/media?parent=238"}],"wp:term":[{"taxonomy":"category","embeddable":true,"href":"https:\/\/www.openphotopoint.sk\/klub\/wp-json\/wp\/v2\/categories?post=238"},{"taxonomy":"post_tag","embeddable":true,"href":"https:\/\/www.openphotopoint.sk\/klub\/wp-json\/wp\/v2\/tags?post=238"}],"curies":[{"name":"wp","href":"https:\/\/api.w.org\/{rel}","templated":true}]}}